[{"@context":"https:\/\/schema.org\/","@type":"Article","@id":"https:\/\/www.jakara.cz\/jak-zpomalit-sediveni-vlasu\/#Article","mainEntityOfPage":"https:\/\/www.jakara.cz\/jak-zpomalit-sediveni-vlasu\/","headline":"Jak zpomalit \u0161ediv\u011bn\u00ed vlas\u016f?","name":"Jak zpomalit \u0161ediv\u011bn\u00ed vlas\u016f?","description":"Mo\u017en\u00e1 si prvn\u00ed \u0161ediv\u00e9 vlasy vytrh\u00e1v\u00e1te, abyste se nec\u00edtili sta\u0159e. Postupem \u010dasu v\u0161ak \u0161edin p\u0159ib\u00fdv\u00e1. Za to m\u016f\u017ee nejen p\u0159ib\u00fdvaj\u00edc\u00ed v\u011bk, ale tak\u00e9 sn\u00ed\u017een\u00e1 produkce pigmentu a melaninu. \u0160ediv\u011bn\u00ed vlas\u016f jde odd\u00e1lit, nebo alespo\u0148 zpomalit. Jak tedy m\u016f\u017eete sv\u00fdm vlas\u016fm pomoci? Ka\u017ed\u00fd vlas m\u00e1 svou pigmentovou bu\u0148ku, kter\u00e1 u\u017e od d\u011btstv\u00ed vytv\u00e1\u0159\u00ed p\u0159irozenou barvu vlas\u016f &hellip; <p class=\"link-more\"><a href=\"https:\/\/www.jakara.cz\/jak-zpomalit-sediveni-vlasu\/\" class=\"more-link\">Continue reading<span class=\"screen-reader-text\"> \"Jak zpomalit \u0161ediv\u011bn\u00ed vlas\u016f?\"<\/span><\/a><\/p>","datePublished":"2016-11-30","dateModified":"2023-05-25","author":{"@type":"Person","@id":"https:\/\/www.jakara.cz\/author\/#Person","name":"","url":"https:\/\/www.jakara.cz\/author\/","identifier":1,"image":{"@type":"ImageObject","@id":"https:\/\/secure.gravatar.com\/avatar\/e4532b7f65738965bbad8697e5bd54c0628af7bffe8d3c856885c44d86978cee?s=96&d=mm&r=g","url":"https:\/\/secure.gravatar.com\/avatar\/e4532b7f65738965bbad8697e5bd54c0628af7bffe8d3c856885c44d86978cee?s=96&d=mm&r=g","height":96,"width":96}},"publisher":{"@type":"Organization","name":"jakara.cz","logo":{"@type":"ImageObject","@id":"\/logo.png","url":"\/logo.png","width":600,"height":60}},"url":"https:\/\/www.jakara.cz\/jak-zpomalit-sediveni-vlasu\/","wordCount":438,"articleBody":"Mo\u017en\u00e1 si prvn\u00ed \u0161ediv\u00e9 vlasy vytrh\u00e1v\u00e1te, abyste se nec\u00edtili sta\u0159e. Postupem \u010dasu v\u0161ak \u0161edin p\u0159ib\u00fdv\u00e1. Za to m\u016f\u017ee nejen p\u0159ib\u00fdvaj\u00edc\u00ed v\u011bk, ale tak\u00e9 sn\u00ed\u017een\u00e1 produkce pigmentu a melaninu. \u0160ediv\u011bn\u00ed vlas\u016f jde odd\u00e1lit, nebo alespo\u0148 zpomalit. Jak tedy m\u016f\u017eete sv\u00fdm vlas\u016fm pomoci?Ka\u017ed\u00fd vlas m\u00e1 svou pigmentovou bu\u0148ku, kter\u00e1 u\u017e od d\u011btstv\u00ed vytv\u00e1\u0159\u00ed p\u0159irozenou barvu vlas\u016f ka\u017ed\u00e9ho z\u00a0n\u00e1s. Barva vlas\u016f je tedy z\u00e1visl\u00e1 na obsahu pigmentu \u2013 melaninu v\u00a0bu\u0148k\u00e1ch. \u010cernovl\u00e1sky maj\u00ed rozhodn\u011b v\u00edce pigmentu ne\u017e blond\u00fdnky.Postupem \u010dasu bu\u0148ky odum\u00edraj\u00ed a melaninu ub\u00fdv\u00e1. Vlasy za\u010d\u00ednaj\u00ed ztr\u00e1cet svou barvu a objevuj\u00ed se prvn\u00ed \u0161ediny. Kdy p\u0159esn\u011b se objev\u00ed se ned\u00e1 ur\u010dit, u ka\u017ed\u00e9ho z\u00a0n\u00e1s je to r\u016fzn\u00e9. N\u011bkter\u00e9 t\u0159ic\u00e1tnice ji\u017e maj\u00ed b\u00edl\u00e9 skr\u00e1n\u011b, jin\u00e9 pades\u00e1tnice zase jen sem tam \u0161ediv\u00fd vlas.Faktory, kter\u00e9 mohou zp\u016fsobit \u0161ediv\u011bn\u00ed vlas\u016f:1.\u00a0\u00a0\u00a0\u00a0\u00a0\u00a0 Geny2.\u00a0\u00a0\u00a0\u00a0\u00a0\u00a0 Nedostatek \u017eiv\u00fdch l\u00e1tek3.\u00a0\u00a0\u00a0\u00a0\u00a0\u00a0 Infek\u010dn\u00ed nemoc4.\u00a0\u00a0\u00a0\u00a0\u00a0\u00a0 Extr\u00e9mn\u00ed nervov\u00e1 a emocion\u00e1ln\u00ed z\u00e1t\u011b\u017e, starosti, stres5.\u00a0\u00a0\u00a0\u00a0\u00a0\u00a0 Podv\u00fd\u017eiva6.\u00a0\u00a0\u00a0\u00a0\u00a0\u00a0 Kou\u0159en\u00ed\u010c\u00edm m\u016f\u017eete zpomalit \u0161ediv\u011bn\u00ed vlas\u016f:1.\u00a0\u00a0\u00a0\u00a0\u00a0\u00a0 Konzumovat m\u00fcsli, \u010d\u00edm\u017ezajist\u00edte dostate\u010dn\u00fd p\u0159\u00edsun zinku.2.\u00a0\u00a0\u00a0\u00a0\u00a0\u00a0 Zajist\u011bte p\u0159\u00edsun pot\u0159ebn\u00fdch potravin, kter\u00e9 zpomaluj\u00ed \u0161ediv\u011bn\u00ed, jako jsou\u00a0j\u00e1tra, vlo\u010dky, ml\u00e9ko, kv\u011bt\u00e1k, paprika.3.\u00a0\u00a0\u00a0\u00a0\u00a0\u00a0 Vitam\u00edn B pom\u00e1h\u00e1 zachov\u00e1vat p\u0159irozenou barvu vlas\u016f. Proto jezte tak\u00e9 ryby, celozrnn\u00e9 pe\u010divo, o\u0159echy.4.\u00a0\u00a0\u00a0\u00a0\u00a0\u00a0 Mas\u00edrujte si poko\u017eku hlavy. To napom\u00e1h\u00e1 prokrven\u00ed a stimuluje se tak l\u00e1tkov\u00e1 p\u0159em\u011bna pigmentu.N\u011bkter\u00fdm \u017een\u00e1m \u0161ediv\u00e9 vlasy slu\u0161\u00ed. Pokud v\u0161ak m\u00e1te \u0161ediv\u00fdch vlas\u016f v\u00edc, ne\u017e se v\u00e1m l\u00edb\u00ed, rad\u011bji nav\u0161tivte kade\u0159n\u00edka, kter\u00fd v\u00e1m nejen pom\u016f\u017ee vybrat vhodnou barvu, ale tak\u00e9 dod\u00e1 \u0161etrn\u011b a profesion\u00e1ln\u011b va\u0161im vlas\u016fm barvu, kter\u00e1 v\u00e1s omlad\u00ed. M\u016f\u017ee se v\u0161ak tak\u00e9 st\u00e1t, \u017ee v\u00e1m chyb\u00ed \u010das nebo pen\u00edze. P\u0159esto m\u016f\u017eete vypadat skv\u011ble, a to v\u00a0p\u0159\u00edpad\u011b, \u017ee se nabarv\u00edte sama doma.Pravidla pro dom\u00e1c\u00ed barven\u00ed:1.\u00a0\u00a0\u00a0\u00a0\u00a0\u00a0 D\u016fle\u017eit\u00fd je v\u00fdb\u011br barvy. Doporu\u010duje se vyb\u00edrat o stupe\u0148 sv\u011btlej\u0161\u00ed odst\u00edn, proto\u017ee barva je v\u011bt\u0161inou agresivn\u011bj\u0161\u00ed a ve v\u00fdsledku vyjde o n\u011bco tmav\u0161\u00ed, ne\u017e jste cht\u011bli.2.\u00a0\u00a0\u00a0\u00a0\u00a0\u00a0 Na p\u0159ekryt\u00ed \u0161edin je nejvhodn\u011bj\u0161\u00ed dlouhotrvaj\u00edc\u00ed barva.3.\u00a0\u00a0\u00a0\u00a0\u00a0\u00a0 Dr\u017ete se n\u00e1vodu na obalu.                                                                                                                                                                                                                                                                                                                                                                                        3.7\/5 - (8 votes)        "},{"@context":"https:\/\/schema.org\/","@type":"BreadcrumbList","itemListElement":[{"@type":"ListItem","position":1,"name":"Jak zpomalit \u0161ediv\u011bn\u00ed vlas\u016f?","item":"https:\/\/www.jakara.cz\/jak-zpomalit-sediveni-vlasu\/#breadcrumbitem"}]}]