[{"@context":"https:\/\/schema.org\/","@type":"Article","@id":"https:\/\/www.jakara.cz\/patri-to-k-domovum\/#Article","mainEntityOfPage":"https:\/\/www.jakara.cz\/patri-to-k-domovum\/","headline":"Pat\u0159\u00ed to k domov\u016fm","name":"Pat\u0159\u00ed to k domov\u016fm","description":"S na\u0161\u00edm zahradn\u00edm n\u00e1bytkem se ka\u017ed\u00e1 terasa, domov a balk\u00f3n stanou exotick\u00fdmi. Pat\u0159\u00ed to k domov\u016fm a Vy si v l\u00e9t\u011b m\u016f\u017eete vyp\u00edt k\u00e1vu na Va\u0161ich nov\u00fdch sestav\u00e1ch. Na\u0161e zbo\u017e\u00ed je expedov\u00e1no hned po p\u0159ijet\u00ed objedn\u00e1vky a vy si tak m\u016f\u017eete u\u017e\u00edvat nov\u00fdch sestav brzy po odesl\u00e1n\u00ed objedn\u00e1vky. Je to \u00fatuln\u00e9, zaj\u00edmav\u00e9 a tak\u00e9 cenov\u011b &hellip; <p class=\"link-more\"><a href=\"https:\/\/www.jakara.cz\/patri-to-k-domovum\/\" class=\"more-link\">Continue reading<span class=\"screen-reader-text\"> \"Pat\u0159\u00ed to k domov\u016fm\"<\/span><\/a><\/p>","datePublished":"2025-04-22","dateModified":"2025-04-22","author":{"@type":"Person","@id":"https:\/\/www.jakara.cz\/author\/#Person","name":"","url":"https:\/\/www.jakara.cz\/author\/","identifier":1,"image":{"@type":"ImageObject","@id":"https:\/\/secure.gravatar.com\/avatar\/e4532b7f65738965bbad8697e5bd54c0628af7bffe8d3c856885c44d86978cee?s=96&d=mm&r=g","url":"https:\/\/secure.gravatar.com\/avatar\/e4532b7f65738965bbad8697e5bd54c0628af7bffe8d3c856885c44d86978cee?s=96&d=mm&r=g","height":96,"width":96}},"publisher":{"@type":"Organization","name":"jakara.cz","logo":{"@type":"ImageObject","@id":"\/logo.png","url":"\/logo.png","width":600,"height":60}},"url":"https:\/\/www.jakara.cz\/patri-to-k-domovum\/","wordCount":177,"articleBody":"S na\u0161\u00edm zahradn\u00edm n\u00e1bytkem se ka\u017ed\u00e1 terasa, domov a balk\u00f3n stanou exotick\u00fdmi. Pat\u0159\u00ed to k domov\u016fm a Vy si v l\u00e9t\u011b m\u016f\u017eete vyp\u00edt k\u00e1vu na Va\u0161ich nov\u00fdch sestav\u00e1ch. Na\u0161e zbo\u017e\u00ed je expedov\u00e1no hned po p\u0159ijet\u00ed objedn\u00e1vky a vy si tak m\u016f\u017eete u\u017e\u00edvat nov\u00fdch sestav brzy po odesl\u00e1n\u00ed objedn\u00e1vky. Je to \u00fatuln\u00e9, zaj\u00edmav\u00e9 a tak\u00e9 cenov\u011b dostupn\u00e9, tak sn\u011bte s n\u00e1mi.Slune\u010dn\u00edk jako dopln\u011bkSlune\u010dn\u00edk jako dopln\u011bk naleznete v sestav\u011b teakov\u00e9ho zahradn\u00edho n\u00e1bytku. Nebudete se tak muset v l\u00e9t\u011b potit pod slune\u010dn\u00edmi paprsky, pokud nebudete cht\u00edt. M\u016f\u017eete se tak skr\u00fdt pod na\u0161im hezk\u00fdm slune\u010dn\u00edkem, kter\u00fd p\u0159inese \u00falevu Va\u0161emu t\u011blu v hork\u00e9m dni. Je to praktick\u00fd d\u00e1rek, kter\u00fd nech\u00e1 vyniknout ka\u017ed\u00e9mu posezen\u00ed. Budete tak moci kr\u00e1sn\u011b odpo\u010d\u00edvat ve st\u00ednu na\u0161eho slune\u010dn\u00edku.                                                                                                                                                                                                                                                                                                                                                                                                "},{"@context":"https:\/\/schema.org\/","@type":"BreadcrumbList","itemListElement":[{"@type":"ListItem","position":1,"name":"Pat\u0159\u00ed to k domov\u016fm","item":"https:\/\/www.jakara.cz\/patri-to-k-domovum\/#breadcrumbitem"}]}]